{"id":1220,"date":"2017-12-10T00:00:00","date_gmt":"2017-12-09T23:00:00","guid":{"rendered":"https:\/\/reiseblog.stefan-behrendt.dev\/?p=1220"},"modified":"2025-12-11T17:10:29","modified_gmt":"2025-12-11T16:10:29","slug":"hongkong-2017-2018","status":"publish","type":"post","link":"https:\/\/reiseblog.stefan-behrendt.dev\/index.php\/2017\/12\/10\/hongkong-2017-2018\/","title":{"rendered":"\ud83d\uddbc\ufe0f Hongkong 2017 \/ 2018"},"content":{"rendered":"\n<details class=\"wp-block-details is-layout-flow wp-block-details-is-layout-flow\"><summary>\ud83d\udc41\u200d\ud83d\udde8 Auf einen Blick<\/summary>\n<div class=\"wp-block-group\"><div class=\"wp-block-group__inner-container is-layout-constrained wp-block-group-is-layout-constrained\">\n<figure class=\"wp-block-table\"><table class=\"has-fixed-layout\"><tbody><tr><td>In diesem Beitrag erf\u00e4hrst du alles \u00fcber meine zwei Kurzaufenthalte in Hongkong im Dezember 2017 und Januar 2018. Ich hatte jeweils einen Stopover auf dem Hin- und R\u00fcckflug nach bzw. von Neuseeland und konnte einige Sehensw\u00fcrdigkeiten betrachten.<br><br>Tauche ein in die dichte, smog- und salzhaltige Atmosph\u00e4re der Millionenmetropole am S\u00fcdchinesischen Meer! \ud83c\udfe2\ud83c\udf0a\ud83c\udf2b\ufe0f<\/td><\/tr><\/tbody><\/table><\/figure>\n<\/div><\/div>\n<\/details>\n\n\n\n<h2 class=\"wp-block-heading\">Anreise \u00fcber Hongkong<\/h2>\n\n\n\n<p><strong>Sonntag, 10.12.2017<\/strong><br>\u26c5 <code>ca. 20\u00b0C<\/code><\/p>\n\n\n\n<p>Nach monatelangen Vorbereitungen, Reiseplanungen, Flugbuchungen und dem Kauf wetterfester Kleidung ist es endlich soweit: Die gro\u00dfe Urlaubsreise ans andere Ende der Erde geht los. Am zeitigen Morgen fliegen wir von Dresden nach Frankfurt und steigen um in eine Maschine der <a href=\"https:\/\/www.cathaypacific.com\/cx\/de_DE.html\" target=\"_blank\" rel=\"noreferrer noopener\">Cathay Pacific Airways<\/a>. Wir haben Gl\u00fcck, denn noch h\u00e4lt sich der fr\u00fchwinterliche Schneefall in Grenzen. Nur wenige Stunden sp\u00e4ter <a href=\"https:\/\/www.zeit.de\/gesellschaft\/zeitgeschehen\/2017-12\/wintereinbruch-flughafen-sperrung-frankfurt-duesseldorf-koeln-bonn-verkehrsunfaelle\" target=\"_blank\" rel=\"noreferrer noopener\">sah das schon ganz anders aus<\/a> und wir h\u00e4tten gar nicht erst abfliegen k\u00f6nnen!<\/p>\n\n\n\n<p>Um nach Neuseeland zu gelangen, muss man mindestens einen Zwischenstopp einlegen. Die meisten Verbindungen f\u00fchren <a href=\"https:\/\/www.neuseeland-erleben.info\/ueber_den_wolken_der_direkte_weg_nach_neuseeland\/917\" target=\"_blank\" rel=\"noreferrer noopener\">\u00fcber Singapur oder die USA<\/a>, doch f\u00fcr uns geht es auf nord\u00f6stlicher Route nach Hongkong. Vor lauter Aufregung auf dem ersten Langstreckenflug meines Lebens bekomme ich kein Auge zu, obwohl wir entgegen der Erdrotation fliegen und uns dadurch eine fr\u00fche Nacht bevorsteht.<\/p>\n\n\n\n<div class=\"wp-block-columns is-layout-flex wp-container-core-columns-is-layout-9d6595d7 wp-block-columns-is-layout-flex\">\n<div class=\"wp-block-column is-layout-flow wp-block-column-is-layout-flow\">\n<figure class=\"wp-block-image size-large wp-duotone-unset-1\"><img fetchpriority=\"high\" decoding=\"async\" width=\"1507\" height=\"1130\" src=\"https:\/\/reiseblog.stefan-behrendt.dev\/wp-content\/uploads\/2024\/02\/IMG_20171209_214118-edited.jpg\" alt=\"\" class=\"wp-image-984\" srcset=\"https:\/\/reiseblog.stefan-behrendt.dev\/wp-content\/uploads\/2024\/02\/IMG_20171209_214118-edited.jpg 1507w, https:\/\/reiseblog.stefan-behrendt.dev\/wp-content\/uploads\/2024\/02\/IMG_20171209_214118-edited-300x225.jpg 300w, https:\/\/reiseblog.stefan-behrendt.dev\/wp-content\/uploads\/2024\/02\/IMG_20171209_214118-edited-1024x768.jpg 1024w, https:\/\/reiseblog.stefan-behrendt.dev\/wp-content\/uploads\/2024\/02\/IMG_20171209_214118-edited-768x576.jpg 768w\" sizes=\"(max-width: 1507px) 100vw, 1507px\" \/><figcaption class=\"wp-element-caption\">Ein bisschen dunkel, aber trotzdem beeindruckend<\/figcaption><\/figure>\n<\/div>\n\n\n\n<div class=\"wp-block-column is-layout-flow wp-block-column-is-layout-flow\">\n<p>Nach mehreren Stunden in der Luft \u2013 wir sind mittlerweile irgendwo \u00fcber China \u2013 schaue ich zuf\u00e4llig aus dem Fenster. Direkt unter mir befindet sich eine riesige, orange-leuchtende Stadt. Winzige Lichtpunkte bewegen sich im Schneckentempo \u00fcber die haard\u00fcnnen Stra\u00dfen. Das Schauspiel erstreckt sich mehrere Minuten lang. Wenn man bedenkt, dass wir uns zehntausend Meter \u00fcber dem Boden mit fast neunhundert Kilometern pro Stunde bewegen, bekommt man eine Ahnung davon, wie weitl\u00e4ufig diese Stadt sein muss.<\/p>\n<\/div>\n<\/div>\n\n\n\n<p>Die Gesamtflugzeit betr\u00e4gt ungef\u00e4hr zw\u00f6lf Stunden. Kurz nachdem wir in den Sinkflug \u00fcbergehen, beginne ich pl\u00f6tzlich zu g\u00e4hnen und meine Augenlider werden schwer. Ganz schlechtes Timing \ud83d\ude04. Um genau 06:50 Uhr Ortszeit landen wir bei Sonnenaufgang in <a href=\"https:\/\/de.wikipedia.org\/wiki\/Hongkong\" target=\"_blank\" rel=\"noreferrer noopener\">Hongkong<\/a> und schauen uns im <a href=\"https:\/\/www.hongkongairport.com\/\" target=\"_blank\" rel=\"noreferrer noopener\">Flughafen<\/a> um. Der Anschlussflieger wird erst in gut acht Stunden starten, sodass wir genug Zeit haben, uns die Downtown von Hongkong in Ruhe anzusehen. Praktischerweise gibt es einen autonom fahrenden Shuttlezug (<a href=\"https:\/\/www.hongkongairport.com\/en\/transport\/to-from-airport\/airport-express.page\" target=\"_blank\" rel=\"noreferrer noopener\">&#8222;Airport Express&#8220;<\/a>), welcher uns mit Hochgeschwindigkeit die 35 Kilometer bis zur Innenstadt (&#8222;Hongkong Central&#8220;) bringt. Nach insgesamt drei Stationen steigen wir aus und m\u00fcssen uns erstmal orientieren.<\/p>\n\n\n\n<div class=\"wp-block-columns is-layout-flex wp-container-core-columns-is-layout-9d6595d7 wp-block-columns-is-layout-flex\">\n<div class=\"wp-block-column is-layout-flow wp-block-column-is-layout-flow\">\n<p>W\u00e4hrend wir zum Ufer des <a href=\"https:\/\/maps.app.goo.gl\/WHpfQAPZqjYf9KEk6\" target=\"_blank\" rel=\"noreferrer noopener\">Victoria Harbour<\/a> gehen, sehen wir einen grauen Dunst \u00fcber dem Wasser aufsteigen und denken sofort an <a href=\"https:\/\/www.spiegel.de\/wissenschaft\/natur\/dicke-luft-hongkong-erstickt-im-smog-a-669987.html\" target=\"_blank\" rel=\"noreferrer noopener\">Smog-Belastung<\/a>. Doch der strenge Salzgeruch l\u00e4sst eher darauf schlie\u00dfen, dass das Meerwasser in hoher Konzentration verdunstet. Der diesige Schleier scheint sich auch in meinem Kopf breit zu machen: Nach 19 Stunden auf den Beinen (bzw. sitzend, aber hellwach) k\u00e4mpfe ich gegen einen heftigen <a href=\"https:\/\/de.wikipedia.org\/wiki\/Jetlag\" target=\"_blank\" rel=\"noreferrer noopener\">Jetlag<\/a>, obwohl der Tag gerade erst beginnt.<\/p>\n<\/div>\n\n\n\n<div class=\"wp-block-column is-layout-flow wp-block-column-is-layout-flow\">\n<figure class=\"wp-block-image size-large\"><img decoding=\"async\" width=\"1024\" height=\"768\" src=\"https:\/\/reiseblog.stefan-behrendt.dev\/wp-content\/uploads\/2024\/02\/IMG_20171210_085830-1024x768.jpg\" alt=\"\" class=\"wp-image-987\" srcset=\"https:\/\/reiseblog.stefan-behrendt.dev\/wp-content\/uploads\/2024\/02\/IMG_20171210_085830-1024x768.jpg 1024w, https:\/\/reiseblog.stefan-behrendt.dev\/wp-content\/uploads\/2024\/02\/IMG_20171210_085830-300x225.jpg 300w, https:\/\/reiseblog.stefan-behrendt.dev\/wp-content\/uploads\/2024\/02\/IMG_20171210_085830-768x576.jpg 768w, https:\/\/reiseblog.stefan-behrendt.dev\/wp-content\/uploads\/2024\/02\/IMG_20171210_085830-1536x1152.jpg 1536w, https:\/\/reiseblog.stefan-behrendt.dev\/wp-content\/uploads\/2024\/02\/IMG_20171210_085830-2048x1536.jpg 2048w\" sizes=\"(max-width: 1024px) 100vw, 1024px\" \/><\/figure>\n<\/div>\n<\/div>\n\n\n\n<p>In der ganzen <a href=\"https:\/\/maps.app.goo.gl\/bp8E2pRbAfkMuuzn9\" target=\"_blank\" rel=\"noreferrer noopener\">Downtown<\/a> entdecken wir viel Weihnachtsdeko und eindeutig &#8222;westlich&#8220; geschm\u00fcckte L\u00e4den. Ein alberner Stra\u00dfenmusiker spielt auf einem komischen Instrument, das an eine elektrische Geige erinnert und nur aus ein oder zwei Saiten besteht. Mit gek\u00fcnsteltem L\u00e4cheln, das mich sofort an den Konsum von Substanzen denken l\u00e4sst, fiedelt er &#8222;Jingle-Bells&#8220; in einer grauenvollen Dauerschleife. Zum Gl\u00fcck k\u00f6nnen wir uns aus seinem akustischen Einzugsbereich entfernen und geraten nach wenigen hundert Metern an den Rand einer lauten Demonstration. Der Protest richtet sich gegen chinesische Repressionen, unter denen <a href=\"https:\/\/de.wikipedia.org\/wiki\/Verfolgung_von_Falun_Gong\" target=\"_blank\" rel=\"noreferrer noopener\">&#8222;Falun Gong&#8220;<\/a>-Praktizierende zu leiden haben (leider handelt es sich bei Falun Gong um eine problematische Sekte, wie Jan B\u00f6hmermann in seiner Sendung <a href=\"https:\/\/www.zdf.de\/video\/shows\/zdf-magazin-royale-102\/zdf-magazin-royale-vom-14-februar-2025-100\" target=\"_blank\" rel=\"noreferrer noopener\">ZDF Magazin Royal<\/a> aufgedeckt hat). Die Demonstrierenden skandieren lautstark, schwenken Plakate und werden von einer kleinen Ansammlung uniformierter Polizisten be\u00e4ugt, aber in Ruhe gelassen. Kaum zu glauben, dass nur zwei Jahre sp\u00e4ter diese Form von Protest in Hongkong <a href=\"https:\/\/de.wikipedia.org\/wiki\/Proteste_in_Hongkong_2019\/2020\" target=\"_blank\" rel=\"noreferrer noopener\">nicht mehr m\u00f6glich sein wird<\/a>&#8230;<\/p>\n\n\n\n<div class=\"wp-block-columns is-layout-flex wp-container-core-columns-is-layout-9d6595d7 wp-block-columns-is-layout-flex\">\n<div class=\"wp-block-column is-vertically-aligned-center is-layout-flow wp-block-column-is-layout-flow\" style=\"flex-basis:25%\">\n<figure class=\"wp-block-image size-large\"><img decoding=\"async\" width=\"768\" height=\"1024\" src=\"https:\/\/reiseblog.stefan-behrendt.dev\/wp-content\/uploads\/2024\/02\/IMG_20171210_093306-768x1024.jpg\" alt=\"\" class=\"wp-image-1015\" srcset=\"https:\/\/reiseblog.stefan-behrendt.dev\/wp-content\/uploads\/2024\/02\/IMG_20171210_093306-768x1024.jpg 768w, https:\/\/reiseblog.stefan-behrendt.dev\/wp-content\/uploads\/2024\/02\/IMG_20171210_093306-225x300.jpg 225w, https:\/\/reiseblog.stefan-behrendt.dev\/wp-content\/uploads\/2024\/02\/IMG_20171210_093306-1152x1536.jpg 1152w, https:\/\/reiseblog.stefan-behrendt.dev\/wp-content\/uploads\/2024\/02\/IMG_20171210_093306-1536x2048.jpg 1536w, https:\/\/reiseblog.stefan-behrendt.dev\/wp-content\/uploads\/2024\/02\/IMG_20171210_093306-scaled.jpg 1920w\" sizes=\"(max-width: 768px) 100vw, 768px\" \/><\/figure>\n<\/div>\n\n\n\n<div class=\"wp-block-column is-vertically-aligned-center is-layout-flow wp-block-column-is-layout-flow\" style=\"flex-basis:50%\">\n<figure class=\"wp-block-image size-large\"><img loading=\"lazy\" decoding=\"async\" width=\"1024\" height=\"768\" src=\"https:\/\/reiseblog.stefan-behrendt.dev\/wp-content\/uploads\/2024\/02\/IMG_20171210_094038-1024x768.jpg\" alt=\"\" class=\"wp-image-1016\" srcset=\"https:\/\/reiseblog.stefan-behrendt.dev\/wp-content\/uploads\/2024\/02\/IMG_20171210_094038-1024x768.jpg 1024w, https:\/\/reiseblog.stefan-behrendt.dev\/wp-content\/uploads\/2024\/02\/IMG_20171210_094038-300x225.jpg 300w, https:\/\/reiseblog.stefan-behrendt.dev\/wp-content\/uploads\/2024\/02\/IMG_20171210_094038-768x576.jpg 768w, https:\/\/reiseblog.stefan-behrendt.dev\/wp-content\/uploads\/2024\/02\/IMG_20171210_094038-1536x1152.jpg 1536w, https:\/\/reiseblog.stefan-behrendt.dev\/wp-content\/uploads\/2024\/02\/IMG_20171210_094038-2048x1536.jpg 2048w\" sizes=\"(max-width: 1024px) 100vw, 1024px\" \/><\/figure>\n<\/div>\n\n\n\n<div class=\"wp-block-column is-vertically-aligned-center is-layout-flow wp-block-column-is-layout-flow\" style=\"flex-basis:25%\">\n<figure class=\"wp-block-image size-large\"><img loading=\"lazy\" decoding=\"async\" width=\"768\" height=\"1024\" src=\"https:\/\/reiseblog.stefan-behrendt.dev\/wp-content\/uploads\/2024\/02\/IMG_20171210_083916-768x1024.jpg\" alt=\"\" class=\"wp-image-1018\" srcset=\"https:\/\/reiseblog.stefan-behrendt.dev\/wp-content\/uploads\/2024\/02\/IMG_20171210_083916-768x1024.jpg 768w, https:\/\/reiseblog.stefan-behrendt.dev\/wp-content\/uploads\/2024\/02\/IMG_20171210_083916-225x300.jpg 225w, https:\/\/reiseblog.stefan-behrendt.dev\/wp-content\/uploads\/2024\/02\/IMG_20171210_083916-1152x1536.jpg 1152w, https:\/\/reiseblog.stefan-behrendt.dev\/wp-content\/uploads\/2024\/02\/IMG_20171210_083916-1536x2048.jpg 1536w, https:\/\/reiseblog.stefan-behrendt.dev\/wp-content\/uploads\/2024\/02\/IMG_20171210_083916-scaled.jpg 1920w\" sizes=\"(max-width: 768px) 100vw, 768px\" \/><\/figure>\n<\/div>\n<\/div>\n\n\n\n<p>Auf unserer weiteren Erkundungstour laufen uns sportlich gekleidete Menschen \u00fcber den Weg, die scheinbar einen Charity-Lauf absolvieren. Wir spazieren noch ein bisschen am Hafen entlang und finden schlie\u00dflich den <a href=\"https:\/\/maps.app.goo.gl\/FQtty5w1RDuc831B8\" target=\"_blank\" rel=\"noreferrer noopener\">Victoria Park<\/a>. Leider gibt es kaum Fu\u00dfg\u00e4nger-\u00dcberwege oder Ampeln, sodass wir es nicht bis zum <a href=\"https:\/\/maps.app.goo.gl\/7cQQ8nZVWgiCKD5i8\" target=\"_blank\" rel=\"noreferrer noopener\">Hongkong Park<\/a> schaffen und dadurch auch unsere Chance verpassen, mit der <a href=\"https:\/\/www.thepeak.com.hk\/en\" target=\"_blank\" rel=\"noreferrer noopener\">ber\u00fchmten Tram<\/a> auf den <a href=\"https:\/\/maps.app.goo.gl\/Kh3nVqB8nontfPHS8\" target=\"_blank\" rel=\"noreferrer noopener\">Victoria Peak<\/a> zu fahren \u2013 den Hausberg der Metropole. (Auf dem Stopover beim R\u00fcckflug Anfang Januar 2018 sind wir doch noch oben gewesen und es war ganz anders als erwartet. Wenn du wissen willst, was wir erlebt haben, scrolle ganz ans Ende dieses Blogbeitrags. \ud83d\ude09)<\/p>\n\n\n\n<div class=\"wp-block-columns is-layout-flex wp-container-core-columns-is-layout-9d6595d7 wp-block-columns-is-layout-flex\">\n<div class=\"wp-block-column is-vertically-aligned-center is-layout-flow wp-block-column-is-layout-flow\">\n<figure class=\"wp-block-image size-large\"><img loading=\"lazy\" decoding=\"async\" width=\"1024\" height=\"576\" src=\"https:\/\/reiseblog.stefan-behrendt.dev\/wp-content\/uploads\/2024\/02\/IMG_20171210_084457-1024x576.jpg\" alt=\"\" class=\"wp-image-1019\" srcset=\"https:\/\/reiseblog.stefan-behrendt.dev\/wp-content\/uploads\/2024\/02\/IMG_20171210_084457-1024x576.jpg 1024w, https:\/\/reiseblog.stefan-behrendt.dev\/wp-content\/uploads\/2024\/02\/IMG_20171210_084457-300x169.jpg 300w, https:\/\/reiseblog.stefan-behrendt.dev\/wp-content\/uploads\/2024\/02\/IMG_20171210_084457-768x432.jpg 768w, https:\/\/reiseblog.stefan-behrendt.dev\/wp-content\/uploads\/2024\/02\/IMG_20171210_084457.jpg 1280w\" sizes=\"(max-width: 1024px) 100vw, 1024px\" \/><\/figure>\n<\/div>\n\n\n\n<div class=\"wp-block-column is-vertically-aligned-center is-layout-flow wp-block-column-is-layout-flow\">\n<figure class=\"wp-block-image size-large\"><img loading=\"lazy\" decoding=\"async\" width=\"1024\" height=\"768\" src=\"https:\/\/reiseblog.stefan-behrendt.dev\/wp-content\/uploads\/2024\/02\/IMG_20171210_084811-1024x768.jpg\" alt=\"\" class=\"wp-image-1020\" srcset=\"https:\/\/reiseblog.stefan-behrendt.dev\/wp-content\/uploads\/2024\/02\/IMG_20171210_084811-1024x768.jpg 1024w, https:\/\/reiseblog.stefan-behrendt.dev\/wp-content\/uploads\/2024\/02\/IMG_20171210_084811-300x225.jpg 300w, https:\/\/reiseblog.stefan-behrendt.dev\/wp-content\/uploads\/2024\/02\/IMG_20171210_084811-768x576.jpg 768w, https:\/\/reiseblog.stefan-behrendt.dev\/wp-content\/uploads\/2024\/02\/IMG_20171210_084811-1536x1152.jpg 1536w, https:\/\/reiseblog.stefan-behrendt.dev\/wp-content\/uploads\/2024\/02\/IMG_20171210_084811-2048x1536.jpg 2048w\" sizes=\"(max-width: 1024px) 100vw, 1024px\" \/><\/figure>\n<\/div>\n<\/div>\n\n\n\n<p>Bereits kurz nach 11 Uhr entschlie\u00dfen wir uns, zur\u00fcck zum Flughafen zu fahren und eine Pizza zu essen. Nachdem wir erneut einchecken und uns mit Lesen und D\u00f6sen die Zeit vertreiben, steigen wir am sp\u00e4ten Nachmittag endlich in die <a href=\"https:\/\/www.juergenbaumbusch.de\/wp-content\/uploads\/2020\/02\/ai773cpa.jpg\" target=\"_blank\" rel=\"noreferrer noopener\">Boeing 777 von Cathay Pacific<\/a>. Als die Maschine gegen 16 Uhr mit einer knappen Dreiviertelstunde Versp\u00e4tung abhebt, ist die Sonne bereits untergegangen und mich \u00fcberf\u00e4llt ein tiefer Schlaf. Dadurch verpasse ich zwar das Abendbrot an Bord, doch ich habe ohnehin keinen Hunger. So wache ich erst am fr\u00fchen Montagmorgen wieder auf, als wir bereits die <a href=\"https:\/\/maps.app.goo.gl\/EP2MDeuugE2AwLmV7\" target=\"_blank\" rel=\"noreferrer noopener\">Philippinen<\/a> \u00fcberquert haben und uns im <a href=\"https:\/\/maps.app.goo.gl\/UaZDbR8LSH11czQs6\" target=\"_blank\" rel=\"noreferrer noopener\">Endanflug auf Auckland<\/a> befinden.<\/p>\n\n\n\n<h2 class=\"wp-block-heading\">Neuseeland-Urlaub<\/h2>\n\n\n\n<p>Wenn du lesen m\u00f6chtest, wie ich Neuseeland im Fr\u00fchsommer erlebt habe, schau dir einfach einen der folgenden Blogbeitr\u00e4ge an:<\/p>\n\n\n\n<ul class=\"wp-block-list\">\n<li><a href=\"https:\/\/reiseblog.stefan-behrendt.dev\/index.php\/2017\/12\/11\/neuseeland-2017-northland-region\/\">Eine Woche Fr\u00fchsommer in der Northland Region<\/a><\/li>\n\n\n\n<li><a href=\"https:\/\/reiseblog.stefan-behrendt.dev\/index.php\/2017\/12\/17\/neuseeland\/\">Mit dem Fahrrad von Auckland nach Wellington<\/a><\/li>\n\n\n\n<li><a href=\"https:\/\/reiseblog.stefan-behrendt.dev\/index.php\/2017\/12\/24\/neuseeland-2017-suedinsel\/\">Mit dem Fahrrad von Picton nach Christchurch<\/a><\/li>\n<\/ul>\n\n\n\n<h2 class=\"wp-block-heading\">R\u00fcckflug \u00fcber Hong Kong<\/h2>\n\n\n\n<p><strong>Samstag, 06.01.2018<\/strong><br>\ud83e\udd76\ud83c\udf43 <code>k\u00fchl und zwischendurch sehr st\u00fcrmisch (17\u00b0C)<\/code><\/p>\n\n\n\n<p>Unfassbar, wie schnell ein Monat am anderen Ende der Welt wieder rum ist! Ehe ich&#8217;s mich versehe, finde ich mich am fr\u00fchen Morgen auf dem Christchurch International Airport wieder, um gegen 08:30 Uhr mit Cathay Pacific nach Hong Kong zu fliegen. Wie bei der Anreise nach Neuseeland wird der Stopover mehrere Stunden betragen, sodass meine (damalige) Freundin und ich genug Zeit haben, uns auf den Victoria Peak zu begeben \u2013 was uns mangels Orientierung auf dem ersten Zwischenstopp verwehrt blieb.<\/p>\n\n\n\n<p>Nach ziemlich genau einem halben Flugtag landen wir um 15:30 Uhr (da wir uns mit der Sonne bewegt haben, betr\u00e4gt die Zeitverschiebung f\u00fcnf Stunden). Wie schon auf dem Hinflug fahren wir mit dem autonomen Airport Express nach Hongkong Central. Heute steuern wir direkt den Zugang zur &#8222;Peak Tram&#8220; an, wo man mit einer alten Standseilbahn in wenigen Minuten auf den 552 Meter hohen Hausberg gelangt.<\/p>\n\n\n\n<p>Bevor es f\u00fcr uns in luftige H\u00f6hen geht, ist aber erstmal Schlange stehen angesagt. W\u00e4hrend wir uns zwischen zahllosen Touristen einreihen, wird es allm\u00e4hlich dunkel und auch ziemlich windig. Doof, dass wir nur d\u00fcnne Jacken bei uns haben&#8230;<\/p>\n\n\n\n<p>Als wir nach der kurzen Fahrt auf dem Victoria Peak aussteigen, werden wir augenblicklich von dichtem Nebel umschlungen. Sichtweite: Ungef\u00e4hr zehn Meter, optimistisch gerechnet. Wir k\u00f6nnen absolut gar nichts sehen und sind ziemlich entt\u00e4uscht, denn Hongkong erstahlt bei Nacht f\u00fcr gew\u00f6hlich in einem Glitzermeer \ud83d\ude22&#8230; W\u00e4hrend wir um die Wette frieren ob des Windes und der hohen Luftfeuchtigkeit, siegt unser Trotz und wir beschlie\u00dfen, dennoch oben zu bleiben und den ausgeschilderten Rundwanderweg zu bestreiten.<\/p>\n\n\n\n<p>Der einfache, gepflasterte Panoramaweg (ca. 3,5 km) ringsum den Gipfel von Hong Kong Island bietet normalerweise spektakul\u00e4re Ausblicke auf die Skyline, den Hafen und die Inseln und dauert etwa eine Stunde. Unter den gegebenen Umst\u00e4nden gestaltet sich die Strecke jedoch sehr abenteuerlich und es wirkt ziemlich gruselig, wenn alle paar Meter eine Laterne aus der tr\u00fcben Suppe auftaucht, um gleich hinter uns wieder im Dunst zu verschwinden \ud83e\udee5&#8230;<\/p>\n\n\n\n<p>Au\u00dfer uns beiden ist niemand weit und breit zu sehen. Schon nach wenigen Minuten wissen wir absolut nicht, wo wir eigentlich sind. Zum Gl\u00fcck ist der Hauptweg gut gekennzeichnet, sodass wir letztlich nur den Markierungen folgen und hoffen, dass wir uns nicht im Halbdunkel verlaufen. Die Atmosph\u00e4re wird allm\u00e4hlich gespenstisch, denn hoch oben \u00fcber der Stadt ist kein L\u00e4rm zu h\u00f6ren \u2013 nur einige nachtaktive Tierchen schwirren in der Umgebung herum.<\/p>\n\n\n\n<p>Pl\u00f6tzlich schie\u00dft ein Jogger aus dem Nichts an uns vorbei und verschwindet, als ob er nie da gewesen w\u00e4re. Mein Blick auf die Uhr l\u00e4sst meinen Puls beschleunigen: Unser Flieger geht in weniger als vier Stunden und ich habe keinen Schimmer, wo wir sind und wie lange wir zur\u00fcck brauchen. Als h\u00e4tte das Schicksal ein Erbarmen, erreichen wir tats\u00e4chlich wenige Minuten sp\u00e4ter unseren Startpunkt. Jetzt schnell die Tram abw\u00e4rts nehmen und zur\u00fcck zum Flughafen, um den Anschluss nach Frankfurt nicht zu verpassen!<\/p>\n\n\n\n<p><strong>Sonntag, 07.01.2018<\/strong><br>\ud83c\udf28\ufe0f\ud83e\udd76 <code>frostiger Winter in Deutschland (brrr!)<\/code><\/p>\n\n\n\n<p>Ende gut, alles gut. Unsere voll ausgebuchte Maschine hebt eine halbe Stunde nach Mitternacht ab. Es wird ein unspektakul\u00e4rer Flug, auf dem es wieder die altbekannte H\u00fchnersuppen-Flatrate gibt. Das bedeutet, man kann jederzeit in den vorderen bzw. hinteren Bereich des Flugzeugs gehen und sich eine T\u00fctensuppe warm machen. Dementsprechend h\u00e4ngt nach kurzer Zeit ein ziemlich penetranter Geruch von Glutamat in der Luft.<\/p>\n\n\n\n<p>Wir fliegen dieses Mal mit der Erddrehung und aufgrund des Winters auf der Nordhalbkugel ist es noch dunkel, als wir gegen 06:30 Uhr Ortszeit in Frankfurt (Main) landen. Im Sitzen schlafen macht in der Economy-Class auf Dauer wenig Freude, sodass ich m\u00fcde und relativ ersch\u00f6pft auf den Anschlussflug nach Dresden warte. Es wird allm\u00e4hlich hell und ich lenke mich von meinem Ruhebed\u00fcrfnis ab, indem ich die Flugzeuge auf dem riesigen Gel\u00e4nde vom Frankfurt Airport betrachte (ein riesiger Airbus A380 thront direkt vor dem Terminalfenster in Parkposition).<\/p>\n\n\n\n<p>Schlie\u00dflich landen wir am fr\u00fchen Nachmittag in Dresden und werden praktischerweise mit dem Autoservice abgeholt. Vor der Haust\u00fcr angekommen, stelle ich leider schnell fest, dass der hiesige kalte Winter dem Gem\u00fct nicht gerade gut tut&#8230; Auf der anderen Seite sind die Minusgrade mit Schnee und Eis wohl einfach das sichere Zeichen, dass auch ein Traumurlaub irgendwann einmal zu Ende ist \ud83e\udd37.<\/p>\n","protected":false},"excerpt":{"rendered":"<p>Anreise \u00fcber Hongkong Sonntag, 10.12.2017\u26c5 ca. 20\u00b0C Nach monatelangen Vorbereitungen, Reiseplanungen, Flugbuchungen und dem Kauf wetterfester Kleidung ist es endlich soweit: Die gro\u00dfe Urlaubsreise ans andere Ende der Erde geht los. Am zeitigen Morgen fliegen &hellip; <\/p>\n","protected":false},"author":1,"featured_media":1250,"comment_status":"open","ping_status":"closed","sticky":false,"template":"","format":"standard","meta":{"footnotes":""},"categories":[4,16],"tags":[],"class_list":["post-1220","post","type-post","status-publish","format-standard","has-post-thumbnail","hentry","category-asien","category-staedtereisen","has-single-img"],"yoast_head":"<!-- This site is optimized with the Yoast SEO plugin v27.1.1 - https:\/\/yoast.com\/product\/yoast-seo-wordpress\/ -->\n<title>\ud83d\uddbc\ufe0f Hongkong 2017 \/ 2018 - Weg &amp; Weiser<\/title>\n<meta name=\"robots\" content=\"index, follow, max-snippet:-1, max-image-preview:large, max-video-preview:-1\" \/>\n<link rel=\"canonical\" href=\"https:\/\/reiseblog.stefan-behrendt.dev\/index.php\/2017\/12\/10\/hongkong-2017-2018\/\" \/>\n<meta property=\"og:locale\" content=\"de_DE\" \/>\n<meta property=\"og:type\" content=\"article\" \/>\n<meta property=\"og:title\" content=\"\ud83d\uddbc\ufe0f Hongkong 2017 \/ 2018 - Weg &amp; Weiser\" \/>\n<meta property=\"og:description\" content=\"Anreise \u00fcber Hongkong Sonntag, 10.12.2017\u26c5 ca. 20\u00b0C Nach monatelangen Vorbereitungen, Reiseplanungen, Flugbuchungen und dem Kauf wetterfester Kleidung ist es endlich soweit: Die gro\u00dfe Urlaubsreise ans andere Ende der Erde geht los. Am zeitigen Morgen fliegen &hellip;\" \/>\n<meta property=\"og:url\" content=\"https:\/\/reiseblog.stefan-behrendt.dev\/index.php\/2017\/12\/10\/hongkong-2017-2018\/\" \/>\n<meta property=\"og:site_name\" content=\"Weg &amp; Weiser\" \/>\n<meta property=\"article:published_time\" content=\"2017-12-09T23:00:00+00:00\" \/>\n<meta property=\"article:modified_time\" content=\"2025-12-11T16:10:29+00:00\" \/>\n<meta property=\"og:image\" content=\"https:\/\/reiseblog.stefan-behrendt.dev\/wp-content\/uploads\/2024\/04\/SAM_1841-scaled.jpg\" \/>\n\t<meta property=\"og:image:width\" content=\"1920\" \/>\n\t<meta property=\"og:image:height\" content=\"2560\" \/>\n\t<meta property=\"og:image:type\" content=\"image\/jpeg\" \/>\n<meta name=\"author\" content=\"admin\" \/>\n<meta name=\"twitter:card\" content=\"summary_large_image\" \/>\n<meta name=\"twitter:label1\" content=\"Verfasst von\" \/>\n\t<meta name=\"twitter:data1\" content=\"admin\" \/>\n\t<meta name=\"twitter:label2\" content=\"Gesch\u00e4tzte Lesezeit\" \/>\n\t<meta name=\"twitter:data2\" content=\"11\u00a0Minuten\" \/>\n<script type=\"application\/ld+json\" class=\"yoast-schema-graph\">{\"@context\":\"https:\/\/schema.org\",\"@graph\":[{\"@type\":\"Article\",\"@id\":\"https:\/\/reiseblog.stefan-behrendt.dev\/index.php\/2017\/12\/10\/hongkong-2017-2018\/#article\",\"isPartOf\":{\"@id\":\"https:\/\/reiseblog.stefan-behrendt.dev\/index.php\/2017\/12\/10\/hongkong-2017-2018\/\"},\"author\":{\"name\":\"admin\",\"@id\":\"https:\/\/reiseblog.stefan-behrendt.dev\/#\/schema\/person\/4b4574f2a36749efc2200316ea7e5967\"},\"headline\":\"\ud83d\uddbc\ufe0f Hongkong 2017 \/ 2018\",\"datePublished\":\"2017-12-09T23:00:00+00:00\",\"dateModified\":\"2025-12-11T16:10:29+00:00\",\"mainEntityOfPage\":{\"@id\":\"https:\/\/reiseblog.stefan-behrendt.dev\/index.php\/2017\/12\/10\/hongkong-2017-2018\/\"},\"wordCount\":1619,\"commentCount\":0,\"publisher\":{\"@id\":\"https:\/\/reiseblog.stefan-behrendt.dev\/#\/schema\/person\/4b4574f2a36749efc2200316ea7e5967\"},\"image\":{\"@id\":\"https:\/\/reiseblog.stefan-behrendt.dev\/index.php\/2017\/12\/10\/hongkong-2017-2018\/#primaryimage\"},\"thumbnailUrl\":\"https:\/\/reiseblog.stefan-behrendt.dev\/wp-content\/uploads\/2024\/04\/SAM_1841-scaled.jpg\",\"articleSection\":[\"Asien\",\"St\u00e4dtereisen\"],\"inLanguage\":\"de\",\"potentialAction\":[{\"@type\":\"CommentAction\",\"name\":\"Comment\",\"target\":[\"https:\/\/reiseblog.stefan-behrendt.dev\/index.php\/2017\/12\/10\/hongkong-2017-2018\/#respond\"]}]},{\"@type\":\"WebPage\",\"@id\":\"https:\/\/reiseblog.stefan-behrendt.dev\/index.php\/2017\/12\/10\/hongkong-2017-2018\/\",\"url\":\"https:\/\/reiseblog.stefan-behrendt.dev\/index.php\/2017\/12\/10\/hongkong-2017-2018\/\",\"name\":\"\ud83d\uddbc\ufe0f Hongkong 2017 \/ 2018 - Weg &amp; Weiser\",\"isPartOf\":{\"@id\":\"https:\/\/reiseblog.stefan-behrendt.dev\/#website\"},\"primaryImageOfPage\":{\"@id\":\"https:\/\/reiseblog.stefan-behrendt.dev\/index.php\/2017\/12\/10\/hongkong-2017-2018\/#primaryimage\"},\"image\":{\"@id\":\"https:\/\/reiseblog.stefan-behrendt.dev\/index.php\/2017\/12\/10\/hongkong-2017-2018\/#primaryimage\"},\"thumbnailUrl\":\"https:\/\/reiseblog.stefan-behrendt.dev\/wp-content\/uploads\/2024\/04\/SAM_1841-scaled.jpg\",\"datePublished\":\"2017-12-09T23:00:00+00:00\",\"dateModified\":\"2025-12-11T16:10:29+00:00\",\"breadcrumb\":{\"@id\":\"https:\/\/reiseblog.stefan-behrendt.dev\/index.php\/2017\/12\/10\/hongkong-2017-2018\/#breadcrumb\"},\"inLanguage\":\"de\",\"potentialAction\":[{\"@type\":\"ReadAction\",\"target\":[\"https:\/\/reiseblog.stefan-behrendt.dev\/index.php\/2017\/12\/10\/hongkong-2017-2018\/\"]}]},{\"@type\":\"ImageObject\",\"inLanguage\":\"de\",\"@id\":\"https:\/\/reiseblog.stefan-behrendt.dev\/index.php\/2017\/12\/10\/hongkong-2017-2018\/#primaryimage\",\"url\":\"https:\/\/reiseblog.stefan-behrendt.dev\/wp-content\/uploads\/2024\/04\/SAM_1841-scaled.jpg\",\"contentUrl\":\"https:\/\/reiseblog.stefan-behrendt.dev\/wp-content\/uploads\/2024\/04\/SAM_1841-scaled.jpg\",\"width\":1920,\"height\":2560},{\"@type\":\"BreadcrumbList\",\"@id\":\"https:\/\/reiseblog.stefan-behrendt.dev\/index.php\/2017\/12\/10\/hongkong-2017-2018\/#breadcrumb\",\"itemListElement\":[{\"@type\":\"ListItem\",\"position\":1,\"name\":\"Startseite\",\"item\":\"https:\/\/reiseblog.stefan-behrendt.dev\/\"},{\"@type\":\"ListItem\",\"position\":2,\"name\":\"\ud83d\uddbc\ufe0f Hongkong 2017 \/ 2018\"}]},{\"@type\":\"WebSite\",\"@id\":\"https:\/\/reiseblog.stefan-behrendt.dev\/#website\",\"url\":\"https:\/\/reiseblog.stefan-behrendt.dev\/\",\"name\":\"Weg &amp; Weiser\",\"description\":\"Reiseblog von Stefan Behrendt\",\"publisher\":{\"@id\":\"https:\/\/reiseblog.stefan-behrendt.dev\/#\/schema\/person\/4b4574f2a36749efc2200316ea7e5967\"},\"potentialAction\":[{\"@type\":\"SearchAction\",\"target\":{\"@type\":\"EntryPoint\",\"urlTemplate\":\"https:\/\/reiseblog.stefan-behrendt.dev\/?s={search_term_string}\"},\"query-input\":{\"@type\":\"PropertyValueSpecification\",\"valueRequired\":true,\"valueName\":\"search_term_string\"}}],\"inLanguage\":\"de\"},{\"@type\":[\"Person\",\"Organization\"],\"@id\":\"https:\/\/reiseblog.stefan-behrendt.dev\/#\/schema\/person\/4b4574f2a36749efc2200316ea7e5967\",\"name\":\"admin\",\"image\":{\"@type\":\"ImageObject\",\"inLanguage\":\"de\",\"@id\":\"https:\/\/reiseblog.stefan-behrendt.dev\/#\/schema\/person\/image\/\",\"url\":\"https:\/\/secure.gravatar.com\/avatar\/17dd14d69b48ffdaa042ad114a7b4df5b89ab6ce933003514e8933d621f67bb4?s=96&d=mm&r=g\",\"contentUrl\":\"https:\/\/secure.gravatar.com\/avatar\/17dd14d69b48ffdaa042ad114a7b4df5b89ab6ce933003514e8933d621f67bb4?s=96&d=mm&r=g\",\"caption\":\"admin\"},\"logo\":{\"@id\":\"https:\/\/reiseblog.stefan-behrendt.dev\/#\/schema\/person\/image\/\"},\"sameAs\":[\"https:\/\/reiseblog.stefan-behrendt.dev\"],\"url\":\"https:\/\/reiseblog.stefan-behrendt.dev\/index.php\/author\/webmaster_vt1uriju\/\"}]}<\/script>\n<!-- \/ Yoast SEO plugin. -->","yoast_head_json":{"title":"\ud83d\uddbc\ufe0f Hongkong 2017 \/ 2018 - Weg &amp; Weiser","robots":{"index":"index","follow":"follow","max-snippet":"max-snippet:-1","max-image-preview":"max-image-preview:large","max-video-preview":"max-video-preview:-1"},"canonical":"https:\/\/reiseblog.stefan-behrendt.dev\/index.php\/2017\/12\/10\/hongkong-2017-2018\/","og_locale":"de_DE","og_type":"article","og_title":"\ud83d\uddbc\ufe0f Hongkong 2017 \/ 2018 - Weg &amp; Weiser","og_description":"Anreise \u00fcber Hongkong Sonntag, 10.12.2017\u26c5 ca. 20\u00b0C Nach monatelangen Vorbereitungen, Reiseplanungen, Flugbuchungen und dem Kauf wetterfester Kleidung ist es endlich soweit: Die gro\u00dfe Urlaubsreise ans andere Ende der Erde geht los. Am zeitigen Morgen fliegen &hellip;","og_url":"https:\/\/reiseblog.stefan-behrendt.dev\/index.php\/2017\/12\/10\/hongkong-2017-2018\/","og_site_name":"Weg &amp; Weiser","article_published_time":"2017-12-09T23:00:00+00:00","article_modified_time":"2025-12-11T16:10:29+00:00","og_image":[{"width":1920,"height":2560,"url":"https:\/\/reiseblog.stefan-behrendt.dev\/wp-content\/uploads\/2024\/04\/SAM_1841-scaled.jpg","type":"image\/jpeg"}],"author":"admin","twitter_card":"summary_large_image","twitter_misc":{"Verfasst von":"admin","Gesch\u00e4tzte Lesezeit":"11\u00a0Minuten"},"schema":{"@context":"https:\/\/schema.org","@graph":[{"@type":"Article","@id":"https:\/\/reiseblog.stefan-behrendt.dev\/index.php\/2017\/12\/10\/hongkong-2017-2018\/#article","isPartOf":{"@id":"https:\/\/reiseblog.stefan-behrendt.dev\/index.php\/2017\/12\/10\/hongkong-2017-2018\/"},"author":{"name":"admin","@id":"https:\/\/reiseblog.stefan-behrendt.dev\/#\/schema\/person\/4b4574f2a36749efc2200316ea7e5967"},"headline":"\ud83d\uddbc\ufe0f Hongkong 2017 \/ 2018","datePublished":"2017-12-09T23:00:00+00:00","dateModified":"2025-12-11T16:10:29+00:00","mainEntityOfPage":{"@id":"https:\/\/reiseblog.stefan-behrendt.dev\/index.php\/2017\/12\/10\/hongkong-2017-2018\/"},"wordCount":1619,"commentCount":0,"publisher":{"@id":"https:\/\/reiseblog.stefan-behrendt.dev\/#\/schema\/person\/4b4574f2a36749efc2200316ea7e5967"},"image":{"@id":"https:\/\/reiseblog.stefan-behrendt.dev\/index.php\/2017\/12\/10\/hongkong-2017-2018\/#primaryimage"},"thumbnailUrl":"https:\/\/reiseblog.stefan-behrendt.dev\/wp-content\/uploads\/2024\/04\/SAM_1841-scaled.jpg","articleSection":["Asien","St\u00e4dtereisen"],"inLanguage":"de","potentialAction":[{"@type":"CommentAction","name":"Comment","target":["https:\/\/reiseblog.stefan-behrendt.dev\/index.php\/2017\/12\/10\/hongkong-2017-2018\/#respond"]}]},{"@type":"WebPage","@id":"https:\/\/reiseblog.stefan-behrendt.dev\/index.php\/2017\/12\/10\/hongkong-2017-2018\/","url":"https:\/\/reiseblog.stefan-behrendt.dev\/index.php\/2017\/12\/10\/hongkong-2017-2018\/","name":"\ud83d\uddbc\ufe0f Hongkong 2017 \/ 2018 - Weg &amp; Weiser","isPartOf":{"@id":"https:\/\/reiseblog.stefan-behrendt.dev\/#website"},"primaryImageOfPage":{"@id":"https:\/\/reiseblog.stefan-behrendt.dev\/index.php\/2017\/12\/10\/hongkong-2017-2018\/#primaryimage"},"image":{"@id":"https:\/\/reiseblog.stefan-behrendt.dev\/index.php\/2017\/12\/10\/hongkong-2017-2018\/#primaryimage"},"thumbnailUrl":"https:\/\/reiseblog.stefan-behrendt.dev\/wp-content\/uploads\/2024\/04\/SAM_1841-scaled.jpg","datePublished":"2017-12-09T23:00:00+00:00","dateModified":"2025-12-11T16:10:29+00:00","breadcrumb":{"@id":"https:\/\/reiseblog.stefan-behrendt.dev\/index.php\/2017\/12\/10\/hongkong-2017-2018\/#breadcrumb"},"inLanguage":"de","potentialAction":[{"@type":"ReadAction","target":["https:\/\/reiseblog.stefan-behrendt.dev\/index.php\/2017\/12\/10\/hongkong-2017-2018\/"]}]},{"@type":"ImageObject","inLanguage":"de","@id":"https:\/\/reiseblog.stefan-behrendt.dev\/index.php\/2017\/12\/10\/hongkong-2017-2018\/#primaryimage","url":"https:\/\/reiseblog.stefan-behrendt.dev\/wp-content\/uploads\/2024\/04\/SAM_1841-scaled.jpg","contentUrl":"https:\/\/reiseblog.stefan-behrendt.dev\/wp-content\/uploads\/2024\/04\/SAM_1841-scaled.jpg","width":1920,"height":2560},{"@type":"BreadcrumbList","@id":"https:\/\/reiseblog.stefan-behrendt.dev\/index.php\/2017\/12\/10\/hongkong-2017-2018\/#breadcrumb","itemListElement":[{"@type":"ListItem","position":1,"name":"Startseite","item":"https:\/\/reiseblog.stefan-behrendt.dev\/"},{"@type":"ListItem","position":2,"name":"\ud83d\uddbc\ufe0f Hongkong 2017 \/ 2018"}]},{"@type":"WebSite","@id":"https:\/\/reiseblog.stefan-behrendt.dev\/#website","url":"https:\/\/reiseblog.stefan-behrendt.dev\/","name":"Weg &amp; Weiser","description":"Reiseblog von Stefan Behrendt","publisher":{"@id":"https:\/\/reiseblog.stefan-behrendt.dev\/#\/schema\/person\/4b4574f2a36749efc2200316ea7e5967"},"potentialAction":[{"@type":"SearchAction","target":{"@type":"EntryPoint","urlTemplate":"https:\/\/reiseblog.stefan-behrendt.dev\/?s={search_term_string}"},"query-input":{"@type":"PropertyValueSpecification","valueRequired":true,"valueName":"search_term_string"}}],"inLanguage":"de"},{"@type":["Person","Organization"],"@id":"https:\/\/reiseblog.stefan-behrendt.dev\/#\/schema\/person\/4b4574f2a36749efc2200316ea7e5967","name":"admin","image":{"@type":"ImageObject","inLanguage":"de","@id":"https:\/\/reiseblog.stefan-behrendt.dev\/#\/schema\/person\/image\/","url":"https:\/\/secure.gravatar.com\/avatar\/17dd14d69b48ffdaa042ad114a7b4df5b89ab6ce933003514e8933d621f67bb4?s=96&d=mm&r=g","contentUrl":"https:\/\/secure.gravatar.com\/avatar\/17dd14d69b48ffdaa042ad114a7b4df5b89ab6ce933003514e8933d621f67bb4?s=96&d=mm&r=g","caption":"admin"},"logo":{"@id":"https:\/\/reiseblog.stefan-behrendt.dev\/#\/schema\/person\/image\/"},"sameAs":["https:\/\/reiseblog.stefan-behrendt.dev"],"url":"https:\/\/reiseblog.stefan-behrendt.dev\/index.php\/author\/webmaster_vt1uriju\/"}]}},"_links":{"self":[{"href":"https:\/\/reiseblog.stefan-behrendt.dev\/index.php\/wp-json\/wp\/v2\/posts\/1220","targetHints":{"allow":["GET"]}}],"collection":[{"href":"https:\/\/reiseblog.stefan-behrendt.dev\/index.php\/wp-json\/wp\/v2\/posts"}],"about":[{"href":"https:\/\/reiseblog.stefan-behrendt.dev\/index.php\/wp-json\/wp\/v2\/types\/post"}],"author":[{"embeddable":true,"href":"https:\/\/reiseblog.stefan-behrendt.dev\/index.php\/wp-json\/wp\/v2\/users\/1"}],"replies":[{"embeddable":true,"href":"https:\/\/reiseblog.stefan-behrendt.dev\/index.php\/wp-json\/wp\/v2\/comments?post=1220"}],"version-history":[{"count":12,"href":"https:\/\/reiseblog.stefan-behrendt.dev\/index.php\/wp-json\/wp\/v2\/posts\/1220\/revisions"}],"predecessor-version":[{"id":2812,"href":"https:\/\/reiseblog.stefan-behrendt.dev\/index.php\/wp-json\/wp\/v2\/posts\/1220\/revisions\/2812"}],"wp:featuredmedia":[{"embeddable":true,"href":"https:\/\/reiseblog.stefan-behrendt.dev\/index.php\/wp-json\/wp\/v2\/media\/1250"}],"wp:attachment":[{"href":"https:\/\/reiseblog.stefan-behrendt.dev\/index.php\/wp-json\/wp\/v2\/media?parent=1220"}],"wp:term":[{"taxonomy":"category","embeddable":true,"href":"https:\/\/reiseblog.stefan-behrendt.dev\/index.php\/wp-json\/wp\/v2\/categories?post=1220"},{"taxonomy":"post_tag","embeddable":true,"href":"https:\/\/reiseblog.stefan-behrendt.dev\/index.php\/wp-json\/wp\/v2\/tags?post=1220"}],"curies":[{"name":"wp","href":"https:\/\/api.w.org\/{rel}","templated":true}]}}